[{"@context":"https:\/\/schema.org\/","@type":"Article","@id":"https:\/\/www.mitril.cz\/kurz-technologie\/#Article","mainEntityOfPage":"https:\/\/www.mitril.cz\/kurz-technologie\/","headline":"Kurz technologie","name":"Kurz technologie","description":"V\u017edycky jsem si \u0159\u00edkala, \u017ee bych cht\u011bla um\u011bt dokonale zach\u00e1zet s po\u010d\u00edta\u010dem. Jenom\u017ee jak v\u0161ichni v\u00edme, tak nikdo nem\u016f\u017ee nic ovl\u00e1dat dokonale. Jenom\u017ee j\u00e1 jsem &hellip; ","datePublished":"2022-08-06","dateModified":"2023-05-30","author":{"@type":"Person","@id":"https:\/\/www.mitril.cz\/author\/#Person","name":"","url":"https:\/\/www.mitril.cz\/author\/","identifier":1,"image":{"@type":"ImageObject","@id":"https:\/\/secure.gravatar.com\/avatar\/0412c3dad30f33fa104fa4f87b3ce5af9aea5f3e20fa015d071a3573d325a5fc?s=96&d=mm&r=g","url":"https:\/\/secure.gravatar.com\/avatar\/0412c3dad30f33fa104fa4f87b3ce5af9aea5f3e20fa015d071a3573d325a5fc?s=96&d=mm&r=g","height":96,"width":96}},"publisher":{"@type":"Organization","name":"mitril.cz","logo":{"@type":"ImageObject","@id":"\/logo.png","url":"\/logo.png","width":600,"height":60}},"image":{"@type":"ImageObject","@id":"https:\/\/www.mitril.cz\/wp-content\/uploads\/computer-2563737_960_720_1.jpg","url":"https:\/\/www.mitril.cz\/wp-content\/uploads\/computer-2563737_960_720_1.jpg","height":0,"width":0},"url":"https:\/\/www.mitril.cz\/kurz-technologie\/","about":["IT"],"wordCount":425,"articleBody":"V\u017edycky jsem si \u0159\u00edkala, \u017ee bych cht\u011bla um\u011bt dokonale zach\u00e1zet s po\u010d\u00edta\u010dem. Jenom\u017ee jak v\u0161ichni v\u00edme, tak nikdo nem\u016f\u017ee nic ovl\u00e1dat dokonale. Jenom\u017ee j\u00e1 jsem si \u0159ekla, \u017ee chci b\u00fdt o n\u011bco lep\u0161\u00ed, ne\u017e je zbytek m\u00e9 rodiny. Proto\u017ee jsem cht\u011bla taky v budoucnu pracovat tam, kde je pr\u00e1v\u011b po\u010d\u00edta\u010d opravdu hodn\u011b d\u016fle\u017eit\u00fd. Tak\u017ee jsem si \u0159ekla, \u017ee budu muset se n\u011bjak polep\u0161it ve \u0161kole, a to hlavn\u011b v informa\u010dn\u00edch technologii. Kdybyste toti\u017e v\u011bd\u011bli, jak\u00fd m\u00e1m prosp\u011bch na z\u00e1kladn\u00ed \u0161kole z informa\u010dn\u00edch technologi\u00ed, tak byste se mi asi sm\u00e1li. Proto\u017ee m\u016fj prosp\u011bch nen\u00ed opravdu nic moc. Proto\u017ee je to sp\u00ed\u0161e k pl\u00e1\u010di. A opravdu mus\u00edm \u0159\u00edct, \u017ee m\u011b to mrz\u00ed a \u0161tve.Kolikr\u00e1t jsem u\u017e doma bre\u010dela do pol\u0161t\u00e1\u0159e, \u017ee nech\u00e1pu r\u016fzn\u00e9 vektory anebo grafiku. Tohle je opravdu moje slab\u00e1 str\u00e1nka. Jenom\u017ee v budoucnu chci pracovat jako \u00fa\u010detn\u00ed. Tak\u017ee jsem se taky potom p\u0159ihl\u00e1sila na st\u0159edn\u00ed \u0161kolu ekonomickou, odkud potom chci j\u00edt na vy\u0161\u0161\u00ed ekonomickou \u0161kolu. A k tomu samoz\u0159ejm\u011b budu taky muset pot\u0159ebovat zn\u00e1t v\u0161echny r\u016fzn\u00e9 f\u00edgly na po\u010d\u00edta\u010di a tak podobn\u011b proto. A proto\u017ee v dne\u0161n\u00ed dob\u011b se u\u017e \u00fa\u010detnictv\u00ed d\u011bl\u00e1 samoz\u0159ejm\u011b na po\u010d\u00edta\u010di a nejsou ji\u017e \u017e\u00e1dn\u00e9 \u00fa\u010detn\u00ed knihy. A j\u00e1 to ch\u00e1pu, i kdy\u017e bych v\u0161echno rad\u011bji psala ru\u010dn\u011b do n\u011bjak\u00e9ho velk\u00e9ho se\u0161itu nebo notesu. Jen tak z nostalgie. P\u0159ijde mi to lep\u0161\u00ed a vypad\u00e1 to tak v\u00edce uhlazen\u011b. Jenom\u017ee ps\u00e1t to na do po\u010d\u00edta\u010de, to se u\u017e mus\u00ed. Tak\u017ee jsem si \u0159ekla, \u017ee d\u00edky informa\u010dn\u00ed technologi\u00ed mus\u00edm je\u0161t\u011b absolvovat n\u011bjak\u00e9 po\u010d\u00edta\u010dov\u00e9 kurzy, ve kter\u00fdch bych se zlep\u0161ila a mohla potom d\u011blat finan\u010dn\u00ed \u00fa\u010detn\u00ed. \u0158\u00edk\u00e1m v\u00e1m, \u017ee tohle bude je\u0161t\u011b o\u0159\u00ed\u0161ek. Jenom\u017ee si v\u011b\u0159\u00edm, proto\u017ee kdy\u017e n\u011bco chci, tak se u toho velice sna\u017e\u00edm. Kolikr\u00e1t jsme u\u017e zkou\u0161ela to,\u00a0abych\u00a0byla skv\u011bl\u00fd. Nerada jsem\u00a0druh\u00e1, tak\u017ee je pro m\u011b kurz po\u010d\u00edta\u010d\u016f a taky\u00a0informa\u010dn\u00ed\u00a0technologie\u00a0naprosto\u00a0d\u016fle\u017eit\u00fd a m\u00e1m ho v pl\u00e1nu u\u017e za m\u011bs\u00edc.                                                                                                                                                                                                                                                                                                                                                                                        3.9\/5 - (9 votes)        "},{"@context":"https:\/\/schema.org\/","@type":"BreadcrumbList","itemListElement":[{"@type":"ListItem","position":1,"name":"Kurz technologie","item":"https:\/\/www.mitril.cz\/kurz-technologie\/#breadcrumbitem"}]}]