[{"@context":"https:\/\/schema.org\/","@type":"Article","@id":"https:\/\/www.mitril.cz\/navrh-obyvaciho-pokoje-v-mestskem-byte-s-bytovym-designerem\/#Article","mainEntityOfPage":"https:\/\/www.mitril.cz\/navrh-obyvaciho-pokoje-v-mestskem-byte-s-bytovym-designerem\/","headline":"N\u00e1vrh ob\u00fdvac\u00edho pokoje v m\u011bstsk\u00e9m byt\u011b s bytov\u00fdm design\u00e9rem","name":"N\u00e1vrh ob\u00fdvac\u00edho pokoje v m\u011bstsk\u00e9m byt\u011b s bytov\u00fdm design\u00e9rem","description":"Bydlen\u00ed v n\u011bkter\u00fdch m\u011bstsk\u00fdch bytech m\u016f\u017ee b\u00fdt fascinuj\u00edc\u00ed, nap\u0159\u00edklad v kladensk\u00fdch rozd\u011blovsk\u00fdch v\u011b\u017e\u00e1c\u00edch, odkud je fantastick\u00fd v\u00fdhled na m\u011bsto a zalesn\u011bn\u00e9 okol\u00ed. A pr\u00e1v\u011b v\u00fdhled &hellip; ","datePublished":"2025-04-08","dateModified":"2025-04-08","author":{"@type":"Person","@id":"https:\/\/www.mitril.cz\/author\/#Person","name":"","url":"https:\/\/www.mitril.cz\/author\/","identifier":1,"image":{"@type":"ImageObject","@id":"https:\/\/secure.gravatar.com\/avatar\/0412c3dad30f33fa104fa4f87b3ce5af9aea5f3e20fa015d071a3573d325a5fc?s=96&d=mm&r=g","url":"https:\/\/secure.gravatar.com\/avatar\/0412c3dad30f33fa104fa4f87b3ce5af9aea5f3e20fa015d071a3573d325a5fc?s=96&d=mm&r=g","height":96,"width":96}},"publisher":{"@type":"Organization","name":"mitril.cz","logo":{"@type":"ImageObject","@id":"\/logo.png","url":"\/logo.png","width":600,"height":60}},"image":{"@type":"ImageObject","@id":"https:\/\/www.mitril.cz\/wp-content\/uploads\/bathroom-6686057_640_8.jpg","url":"https:\/\/www.mitril.cz\/wp-content\/uploads\/bathroom-6686057_640_8.jpg","height":0,"width":0},"url":"https:\/\/www.mitril.cz\/navrh-obyvaciho-pokoje-v-mestskem-byte-s-bytovym-designerem\/","about":["Dom\u00e1cnost"],"wordCount":434,"articleBody":"       Bydlen\u00ed v n\u011bkter\u00fdch m\u011bstsk\u00fdch bytech m\u016f\u017ee b\u00fdt fascinuj\u00edc\u00ed, nap\u0159\u00edklad v kladensk\u00fdch rozd\u011blovsk\u00fdch v\u011b\u017e\u00e1c\u00edch, odkud je fantastick\u00fd v\u00fdhled na m\u011bsto a zalesn\u011bn\u00e9 okol\u00ed. A pr\u00e1v\u011b v\u00fdhled ve v\u00fdhodn\u011b situovan\u00e9m byt\u011b v\u00e1m m\u016f\u017ee p\u0159in\u00e9st mnohem v\u00edce pot\u011b\u0161en\u00ed, ne\u017e pobyt ve vlastn\u00edm rodinn\u00e9m dom\u011b, ov\u0161em v satelitn\u00ed p\u0159\u00edm\u011bstsk\u00e9 z\u00e1stavb\u011b, kde nem\u00e1te mnoho soukrom\u00ed, a kde je v\u00fdhled z okna umo\u017en\u011bn leda tak do sousedn\u00edho domu. Jestli\u017ee si zajist\u00edte bydlen\u00ed v byt\u011b s p\u011bkn\u00fdm v\u00fdhledem do krajiny, vyplat\u00ed se tak\u00e9 v\u011bnovat pozornost jeho vnit\u0159n\u00ed koncepci. T\u00edm se pak va\u0161e bydlen\u00ed prom\u011bn\u00ed v okouzluj\u00edc\u00ed prostor, odkud se v\u00e1m mo\u017en\u00e1 ani nebude cht\u00edt vych\u00e1zet ven.Konzultace koncepce ob\u00fdv\u00e1ku s bytov\u00fdm design\u00e9remNejv\u00edce \u010dasu v bd\u011bl\u00e9m stavu, pokud si tedy odmysl\u00edme sp\u00e1nek, tr\u00e1v\u00edme zpravidla v kuchyni a v ob\u00fdvac\u00edm pokoji. Tyto prostory byste tak\u00e9 m\u011bli m\u00edt koncipovan\u00e9 a upraven\u00e9 tak, abyste se tu c\u00edtili p\u0159\u00edjemn\u011b a neut\u00edkali odtud ven. N\u011bkdy se skute\u010dn\u011b vyplat\u00ed oslovit bytov\u00e9ho design\u00e9ra a konzultovat s n\u00edm n\u00e1vrh interi\u00e9ru v Praze https:\/\/evalofa.com\/, nebo t\u0159eba na avizovan\u00e9m Kladn\u011b v Rozd\u011blov\u011b, na Ostrovci nebo na Bresson\u011b. Design\u00e9\u0159i jsou specialist\u00e9 na harmonii vnit\u0159n\u00edch prostor, n\u011bkte\u0159\u00ed dovedou skloubit praktickou str\u00e1nku v\u011bci s um\u011bleckou a vytvo\u0159\u00ed pak z va\u0161eho obytn\u00e9ho prost\u0159ed\u00ed skute\u010dn\u00fd domov, nikoli jen m\u00edsto pro p\u0159esp\u00e1n\u00ed, anebo dokonce prost\u0159ed\u00ed, kde se v\u00e1m to nel\u00edb\u00ed a vn\u00edm\u00e1te jej jen jako jist\u00e9 provizorium.S design\u00e9rem lze pohovo\u0159it na t\u00e9ma rozm\u00edst\u011bn\u00ed n\u00e1bytku, kombinace barev a tak\u00e9 ohledn\u011b celkov\u00e9 koncepce bydlen\u00ed, co se t\u00fd\u010de stylu. N\u011bkomu m\u016f\u017ee vyhovovat n\u00e1vrat do minulosti v podob\u011b retro \u010di rustik\u00e1ln\u00edho rozpolo\u017een\u00ed, n\u011bkdo naopak vyzdvihuje modern\u00ed \u0159e\u0161en\u00ed bydlen\u00ed a d\u00e1v\u00e1 p\u0159ednost \u010dist\u011b \u00fa\u010delov\u00e9mu minimalismu. Design\u00e9\u0159i v\u00e1m tak\u00e9 mohou navrhnout vhodn\u00e9 \u0159e\u0161en\u00ed osv\u011btlen\u00ed obytn\u00fdch prostor, um\u00edst\u011bn\u00ed a typ schodi\u0161\u0165, volbu vhodn\u00e9 kuchy\u0148sk\u00e9 linky, optim\u00e1ln\u00ed podlahovou krytinu, \u00fapravu st\u011bn a stropu malbou, \u0161tukem \u010di tekutou tapetou. Navrhnou rozm\u00edst\u011bn\u00ed bytov\u00fdch dekorac\u00ed a pohraj\u00ed si se st\u00edn\u00edc\u00ed technikou.                                                                                                                                                                                                                                                                                                                                                                                          4.2\/5 - (12 votes)        "},{"@context":"https:\/\/schema.org\/","@type":"BreadcrumbList","itemListElement":[{"@type":"ListItem","position":1,"name":"N\u00e1vrh ob\u00fdvac\u00edho pokoje v m\u011bstsk\u00e9m byt\u011b s bytov\u00fdm design\u00e9rem","item":"https:\/\/www.mitril.cz\/navrh-obyvaciho-pokoje-v-mestskem-byte-s-bytovym-designerem\/#breadcrumbitem"}]}]