[{"@context":"https:\/\/schema.org\/","@type":"Article","@id":"https:\/\/www.mitril.cz\/pece-o-vlasy\/#Article","mainEntityOfPage":"https:\/\/www.mitril.cz\/pece-o-vlasy\/","headline":"P\u00e9\u010de o vlasy","name":"P\u00e9\u010de o vlasy","description":"Ka\u017ed\u00fd z n\u00e1s chce m\u00edt n\u00e1dhern\u00e9 a pevn\u00e9 vlasy, ov\u0161em cesta k nim m\u016f\u017ee b\u00fdt opravdu trnit\u00e1. Zna\u010dn\u011b n\u00e1m pom\u016f\u017eou speci\u00e1ln\u00ed p\u0159\u00edpravky, a proto si &hellip; ","datePublished":"2020-05-18","dateModified":"2023-05-30","author":{"@type":"Person","@id":"https:\/\/www.mitril.cz\/author\/#Person","name":"","url":"https:\/\/www.mitril.cz\/author\/","identifier":1,"image":{"@type":"ImageObject","@id":"https:\/\/secure.gravatar.com\/avatar\/0412c3dad30f33fa104fa4f87b3ce5af9aea5f3e20fa015d071a3573d325a5fc?s=96&d=mm&r=g","url":"https:\/\/secure.gravatar.com\/avatar\/0412c3dad30f33fa104fa4f87b3ce5af9aea5f3e20fa015d071a3573d325a5fc?s=96&d=mm&r=g","height":96,"width":96}},"publisher":{"@type":"Organization","name":"mitril.cz","logo":{"@type":"ImageObject","@id":"\/logo.png","url":"\/logo.png","width":600,"height":60}},"image":{"@type":"ImageObject","@id":"https:\/\/www.mitril.cz\/wp-content\/uploads\/dlouh%C3%A9%20vlasy.jpg","url":"https:\/\/www.mitril.cz\/wp-content\/uploads\/dlouh%C3%A9%20vlasy.jpg","height":0,"width":0},"url":"https:\/\/www.mitril.cz\/pece-o-vlasy\/","about":["N\u00e1kupy"],"wordCount":487,"articleBody":"     Ka\u017ed\u00fd z n\u00e1s chce m\u00edt n\u00e1dhern\u00e9 a pevn\u00e9 vlasy, ov\u0161em cesta k nim m\u016f\u017ee b\u00fdt opravdu trnit\u00e1. Zna\u010dn\u011b n\u00e1m pom\u016f\u017eou speci\u00e1ln\u00ed p\u0159\u00edpravky, a proto si je p\u0159edstav\u00edme.P\u00e9\u010de o vlasy\u0160amp\u00f3nP\u011bkn\u00e9 vlasy p\u0159id\u00e1vaj\u00ed opravdu na kr\u00e1se a p\u0159itahuj\u00ed opa\u010dn\u00e9 pohlav\u00ed, a proto rozhodn\u011b stoj\u00ed za to jim v\u011bnovat pravidelnou p\u00e9\u010di. Hned prvn\u00edm krokem k vysn\u011bn\u00e9mu \u00fasp\u011bchu je v\u011bd\u011bt, jak\u00fd typ vlas\u016f m\u00e1te, proto\u017ee od n\u011bj se odv\u00edj\u00ed spousta d\u016fle\u017eit\u00fdch dal\u0161\u00edch krok\u016f p\u0159i v\u00fdb\u011bru vhodn\u00fdch p\u0159\u00edpravk\u016f. Pokud si nejste jisti, tak V\u00e1m zaru\u010den\u011b porad\u00ed V\u00e1\u0161 kade\u0159n\u00edk, proto\u017ee ten se tomuto oboru v\u011bnuje profesion\u00e1ln\u011b.Pokud si toti\u017e koup\u00edte p\u0159\u00edpravek na mastn\u00e9 vlasy, ale p\u0159itom je m\u00e1te naopak such\u00e9, tak jim to v\u016fbec neprosp\u011bje. Obecn\u011b se nedoporu\u010duje kupovat v\u00fdrobky typu t\u0159i v jednom, proto\u017ee se nespecializuj\u00ed na jednotliv\u00fd probl\u00e9m. Tak\u017ee v\u011bt\u0161inou nen\u00ed \u00fa\u010dinek dostate\u010dn\u00fd. Potom tu m\u00e1me bod, jen\u017e se t\u00fdk\u00e1 v\u00fdb\u011bru zna\u010dky. Ov\u0161em ka\u017ed\u00e9mu nesed\u00ed v\u0161e, tak\u017ee je dobr\u00e9 vyzkou\u0161et v\u00edce \u0161amp\u00f3n\u016f a potom z\u016fstat u jednoho obl\u00edben\u00e9ho. Z\u00e1rove\u0148 se vyplat\u00ed si trochu p\u0159iplatit, proto\u017ee slo\u017een\u00ed levn\u00fdch produkt\u016f nen\u00ed ide\u00e1ln\u00ed. Takov\u00fd v\u00fdrobek \u010dasto je\u0161t\u011b v\u00edce vlasy po\u0161kod\u00ed.Kokosov\u00fd olej\u0158ada z n\u00e1s m\u00e1 bohu\u017eel rozt\u0159epen\u00e9 kone\u010dky a taky trp\u00ed l\u00e1m\u00e1n\u00edm vlas\u016f. S t\u011bmito a mnoha dal\u0161\u00edmi probl\u00e9my m\u016f\u017eete snadno zato\u010dit d\u00edky kokosov\u00e9mu oleji na vlasy. Velkou v\u00fdhodou oproti konkurenci je, \u017ee na v\u00fdsledek nemus\u00edte dlouho \u010dekat, proto\u017ee prvn\u00ed v\u00fdsledky se objev\u00ed hned po p\u00e1r pou\u017eit\u00edch. Tento v\u00fdrobek je v podob\u011b p\u0159\u00edrodn\u00edho kokosov\u00e9ho tuku, a proto obsahuje ve\u0161ker\u00e9 p\u0159\u00edzniv\u00e9 l\u00e1tky a vitam\u00edny. Tato kombinace dohromady zajist\u00ed opravdu skv\u011blou regeneraci vlas\u016f, jen\u017e budou opravdu sv\u011b\u017e\u00ed a n\u00e1dhern\u00e1, tak\u017ee V\u00e1m je bude z\u00e1vid\u011bt opravdu ka\u017ed\u00fd. Mo\u017en\u00e1 si pr\u00e1v\u011b \u0159\u00edk\u00e1te, \u017ee aplikace mus\u00ed b\u00fdt na tak skv\u011bl\u00ed produkt nam\u00e1hav\u00e1, ov\u0161em opak je pravdou.Tuk sta\u010d\u00ed po ka\u017ed\u00e9m umyt\u00ed rozpustit v misce \u010di dlani a n\u00e1sledn\u011b nan\u00e9st na vlasy, a p\u0159edev\u0161\u00edm vmas\u00edrovat do ko\u0159\u00ednk\u016f. Pokud si chcete dop\u0159\u00e1t je\u0161t\u011b v\u00edce pen\u011bz, pak ur\u010dit\u011b vyzkou\u0161ejte i z\u00e1bal p\u0159es noc. Za tuto dobu se stihne uvolnit mnohem v\u00edce \u00fa\u010dinn\u00fdch l\u00e1tek a samoz\u0159ejm\u011b budou i p\u016fsobit d\u00e9le.                                                                                                                                                                                                                                                                                                                                                                                           4.7\/5 - (6 votes)        "},{"@context":"https:\/\/schema.org\/","@type":"BreadcrumbList","itemListElement":[{"@type":"ListItem","position":1,"name":"P\u00e9\u010de o vlasy","item":"https:\/\/www.mitril.cz\/pece-o-vlasy\/#breadcrumbitem"}]}]